{"id":2624,"date":"2020-09-10T10:42:54","date_gmt":"2020-09-10T08:42:54","guid":{"rendered":"http:\/\/254660.w60.wedos.ws\/domains\/wordpress\/?p=2624"},"modified":"2020-10-08T09:22:20","modified_gmt":"2020-10-08T07:22:20","slug":"charita-dala-praci-zenam-po-rodicovske-pripravuji-svaciny-do-skol","status":"publish","type":"post","link":"https:\/\/melivita.cz\/?p=2624","title":{"rendered":"Charita dala pr\u00e1ci \u017een\u00e1m po rodi\u010dovsk\u00e9. P\u0159ipravuj\u00ed sva\u010diny do \u0161kol"},"content":{"rendered":"\n<p><\/p>\n\n\n\n<p>Diec\u00e9zn\u00ed charita ostravsko-opavsk\u00e1 zalo\u017eila soci\u00e1ln\u00ed firmu, kter\u00e1 se zab\u00fdv\u00e1 v\u00fdrobou a distribuc\u00ed sva\u010din. Nejen do ostravsk\u00fdch \u0161kol je d\u011btem dod\u00e1vaj\u00ed \u017eeny, kter\u00e9 dlouho hledaly uplatn\u011bn\u00ed na trhu pr\u00e1ce. Po rodi\u010dovsk\u00e9 dovolen\u00e9 je toti\u017e nikdo necht\u011bl zam\u011bstnat.<\/p>\n\n\n\n<figure class=\"wp-block-image\"><img decoding=\"async\" src=\"https:\/\/ct24.ceskatelevize.cz\/sites\/default\/files\/styles\/file-video_16x9\/public\/images\/1110781-499084.jpg?itok=1LOs7KtO\" alt=\"Video Nezam\u011bstnan\u00e9 za\u010daly p\u0159ipravovat sva\u010diny\"\/><\/figure>\n\n\n\n<h3 class=\"wp-block-heading\">Nezam\u011bstnan\u00e9 za\u010daly p\u0159ipravovat sva\u010diny<\/h3>\n\n\n\n<p>\u010cty\u0159i zam\u011bstnankyn\u011b soci\u00e1ln\u00ed firmy Melivita dok\u00e1\u017e\u00ed vyrobit a\u017e 260 sva\u010din za den. \u201eKa\u017ed\u00fd den pracuj\u00ed od p\u011bti hodin od r\u00e1na zhruba do p\u016fl osm\u00e9,\u201c uvedla koordin\u00e1torka projektu Kate\u0159ina Cyrusov\u00e1.<\/p>\n\n\n\n<p>N\u00e1sledn\u011b jsou sva\u010diny ulo\u017eeny do termobox\u016f. Samy pracovnice je pak rozv\u00e1\u017e\u00ed do n\u011bkolika firem a \u0161kol. Tam je v mobiln\u00edch bufetech prod\u00e1vaj\u00ed o velk\u00fdch p\u0159est\u00e1vk\u00e1ch. Z\u00e1jem je podle Cyrosov\u00e9 velk\u00fd. Ceny se pohybuj\u00ed okolo dvaceti, t\u0159iceti korun za sva\u010dinu.<\/p>\n\n\n\n<p>V menu je aktu\u00e1ln\u011b patn\u00e1ct druh\u016f sva\u010din, nap\u0159\u00edklad oblo\u017een\u00e9 housky, rohl\u00edky se \u0161unkou a s\u00fdrem, dalam\u00e1nky s vaj\u00ed\u010dkovou pomaz\u00e1nkou, ale i s\u00fdrov\u00e9 tortilly nebo medov\u00e9 poh\u00e1rky. \u201eZhruba ka\u017ed\u00fdch \u010dtrn\u00e1ct dn\u00ed m\u011bn\u00edme nab\u00eddku,\u201c popsala Cyrosov\u00e1, jak se vyh\u00fdbaj\u00ed gastronomick\u00e9 rutin\u011b.<\/p>\n\n\n\n<p>Vlastn\u00edmi n\u00e1pady p\u0159isp\u00edvaj\u00ed i zam\u011bstnankyn\u011b. \u201eSna\u017e\u00edme se n\u011bco vym\u00fd\u0161let,\u201c skromn\u011b p\u0159izn\u00e1v\u00e1 Marcela Rus\u0148\u00e1kov\u00e1, kter\u00e1 sva\u010diny p\u0159ipravuje. Sama p\u0159isp\u011bla receptem na jogurt s ovocem. \u201eJak to ud\u011blat podle sezonn\u00edho ovoce,\u201c vysv\u011btlila.<\/p>\n\n\n\n<h2 class=\"wp-block-heading\">\u201eSnad n\u00e1m podnik pojede\u201c<\/h2>\n\n\n\n<p>\u201eCharakter soci\u00e1ln\u00edho podniku spo\u010d\u00edv\u00e1 v tom, \u017ee podporuje lidi n\u011bjak\u00fdm zp\u016fsobem znev\u00fdhodn\u011bn\u00e9,\u201c uvedla koordin\u00e1torka projektu s t\u00edm, \u017ee se m\u016f\u017ee jednat t\u0159eba o mlad\u00e9 dosp\u011bl\u00e9, lidi pe\u010duj\u00edc\u00ed \u010di dlouhodob\u011b veden\u00e9 na \u00fa\u0159adu pr\u00e1ce. V\u0161echny sou\u010dasn\u00e9 zam\u011bstnankyn\u011b sou\u010dasn\u00e9 firmy poj\u00ed, \u017ee je po rodi\u010dovsk\u00e9 dovolen\u00e9 nikdo necht\u011bl zam\u011bstnat.<\/p>\n\n\n\n<p>Firma je v chodu p\u0159ibli\u017en\u011b rok. \u201eP\u0159ihl\u00e1sila jsem se a byla jsem r\u00e1da, \u017ee m\u011b vybrali, proto\u017ee je to pr\u00e1ce docela zaj\u00edmav\u00e1. Hodn\u011b m\u011b to bav\u00ed, je to kreativn\u00ed pr\u00e1ce,\u201c pochvaluje si Rus\u0148\u00e1kov\u00e1. \u201eDouf\u00e1m, \u017ee tu vydr\u017e\u00edm dlouho. A \u017ee n\u00e1m podnik pojede,\u201c p\u0159eje si.<\/p>\n","protected":false},"excerpt":{"rendered":"<p>Diec\u00e9zn\u00ed charita ostravsko-opavsk\u00e1 zalo\u017eila soci\u00e1ln\u00ed firmu, kter\u00e1 se zab\u00fdv\u00e1 v\u00fdrobou a distribuc\u00ed sva\u010din. Nejen do ostravsk\u00fdch \u0161kol je d\u011btem dod\u00e1vaj\u00ed \u017eeny, kter\u00e9 dlouho hledaly uplatn\u011bn\u00ed na trhu pr\u00e1ce. Po rodi\u010dovsk\u00e9 dovolen\u00e9 je toti\u017e nikdo necht\u011bl zam\u011bstnat. Nezam\u011bstnan\u00e9 za\u010daly p\u0159ipravovat sva\u010diny \u010cty\u0159i zam\u011bstnankyn\u011b soci\u00e1ln\u00ed firmy Melivita dok\u00e1\u017e\u00ed vyrobit a\u017e 260 sva\u010din za den. \u201eKa\u017ed\u00fd den pracuj\u00ed [&hellip;]<\/p>\n","protected":false},"author":1,"featured_media":2531,"comment_status":"open","ping_status":"open","sticky":false,"template":"","format":"standard","meta":{"_monsterinsights_skip_tracking":false,"_monsterinsights_sitenote_active":false,"_monsterinsights_sitenote_note":"","_monsterinsights_sitenote_category":0,"_jetpack_memberships_contains_paid_content":false,"footnotes":""},"categories":[205],"tags":[],"class_list":["post-2624","post","type-post","status-publish","format-standard","has-post-thumbnail","hentry","category-nezarazene-cs"],"jetpack_featured_media_url":"https:\/\/melivita.cz\/wp-content\/uploads\/c_svac_sova_def_m.jpg","jetpack_sharing_enabled":true,"_links":{"self":[{"href":"https:\/\/melivita.cz\/index.php?rest_route=\/wp\/v2\/posts\/2624","targetHints":{"allow":["GET"]}}],"collection":[{"href":"https:\/\/melivita.cz\/index.php?rest_route=\/wp\/v2\/posts"}],"about":[{"href":"https:\/\/melivita.cz\/index.php?rest_route=\/wp\/v2\/types\/post"}],"author":[{"embeddable":true,"href":"https:\/\/melivita.cz\/index.php?rest_route=\/wp\/v2\/users\/1"}],"replies":[{"embeddable":true,"href":"https:\/\/melivita.cz\/index.php?rest_route=%2Fwp%2Fv2%2Fcomments&post=2624"}],"version-history":[{"count":2,"href":"https:\/\/melivita.cz\/index.php?rest_route=\/wp\/v2\/posts\/2624\/revisions"}],"predecessor-version":[{"id":2771,"href":"https:\/\/melivita.cz\/index.php?rest_route=\/wp\/v2\/posts\/2624\/revisions\/2771"}],"wp:featuredmedia":[{"embeddable":true,"href":"https:\/\/melivita.cz\/index.php?rest_route=\/wp\/v2\/media\/2531"}],"wp:attachment":[{"href":"https:\/\/melivita.cz\/index.php?rest_route=%2Fwp%2Fv2%2Fmedia&parent=2624"}],"wp:term":[{"taxonomy":"category","embeddable":true,"href":"https:\/\/melivita.cz\/index.php?rest_route=%2Fwp%2Fv2%2Fcategories&post=2624"},{"taxonomy":"post_tag","embeddable":true,"href":"https:\/\/melivita.cz\/index.php?rest_route=%2Fwp%2Fv2%2Ftags&post=2624"}],"curies":[{"name":"wp","href":"https:\/\/api.w.org\/{rel}","templated":true}]}}